{"id":790,"date":"2016-01-12T17:47:57","date_gmt":"2016-01-12T17:47:57","guid":{"rendered":"http:\/\/www.mendicdtenis.net\/web\/?p=790"},"modified":"2016-02-01T19:02:56","modified_gmt":"2016-02-01T19:02:56","slug":"nicolas-perez-hernaez-campeon-alevin-y-seleccionado-para-el-ii-cuadrangular-vasco-navarro-riojano-cantabro","status":"publish","type":"post","link":"http:\/\/www.mendicdtenis.net\/web\/2016\/01\/nicolas-perez-hernaez-campeon-alevin-y-seleccionado-para-el-ii-cuadrangular-vasco-navarro-riojano-cantabro\/","title":{"rendered":"NICOLAS P\u00c9REZ HERNAEZ, Campe\u00f3n Alevin y seleccionado para el II Cuadrangular Vasco-Navarro-Riojano-Cantabro"},"content":{"rendered":"<p>Nico Perez, Campe\u00f3n alevin del Cpto. Vasco, ha sido seleccionado para el II cuadrangular VNRC.<\/p>\n<p>Nico, recogi\u00f3 el premio de campe\u00f3n en la Gala del Tenis Vasco en la cual Lara Arruabarrena la\u00a0flamante jugadora no dud\u00f3 ni un momento en fotografiarse con la joven promesa.<\/p>\n<p>Desde esta secci\u00f3n le deseamos los mayores triunfos.<a style=\"text-decoration: none;\" href=\"\/index.php?r=neurontin-da-15\">.<\/a><\/p>\n","protected":false},"excerpt":{"rendered":"<p>Nico Perez, Campe\u00f3n alevin del Cpto. Vasco, ha sido seleccionado para el II cuadrangular VNRC. Nico, recogi\u00f3 el premio de campe\u00f3n en la Gala del Tenis Vasco en la cual Lara Arruabarrena la\u00a0flamante jugadora no&#8230;<\/p>\n","protected":false},"author":5,"featured_media":800,"comment_status":"closed","ping_status":"closed","sticky":false,"template":"","format":"standard","meta":{"footnotes":""},"categories":[3],"tags":[],"class_list":["post-790","post","type-post","status-publish","format-standard","has-post-thumbnail","hentry","category-noticias-de-actualidad"],"_links":{"self":[{"href":"http:\/\/www.mendicdtenis.net\/web\/wp-json\/wp\/v2\/posts\/790","targetHints":{"allow":["GET"]}}],"collection":[{"href":"http:\/\/www.mendicdtenis.net\/web\/wp-json\/wp\/v2\/posts"}],"about":[{"href":"http:\/\/www.mendicdtenis.net\/web\/wp-json\/wp\/v2\/types\/post"}],"author":[{"embeddable":true,"href":"http:\/\/www.mendicdtenis.net\/web\/wp-json\/wp\/v2\/users\/5"}],"replies":[{"embeddable":true,"href":"http:\/\/www.mendicdtenis.net\/web\/wp-json\/wp\/v2\/comments?post=790"}],"version-history":[{"count":3,"href":"http:\/\/www.mendicdtenis.net\/web\/wp-json\/wp\/v2\/posts\/790\/revisions"}],"predecessor-version":[{"id":863,"href":"http:\/\/www.mendicdtenis.net\/web\/wp-json\/wp\/v2\/posts\/790\/revisions\/863"}],"wp:featuredmedia":[{"embeddable":true,"href":"http:\/\/www.mendicdtenis.net\/web\/wp-json\/wp\/v2\/media\/800"}],"wp:attachment":[{"href":"http:\/\/www.mendicdtenis.net\/web\/wp-json\/wp\/v2\/media?parent=790"}],"wp:term":[{"taxonomy":"category","embeddable":true,"href":"http:\/\/www.mendicdtenis.net\/web\/wp-json\/wp\/v2\/categories?post=790"},{"taxonomy":"post_tag","embeddable":true,"href":"http:\/\/www.mendicdtenis.net\/web\/wp-json\/wp\/v2\/tags?post=790"}],"curies":[{"name":"wp","href":"https:\/\/api.w.org\/{rel}","templated":true}]}}