{"id":4954,"date":"2025-12-31T08:49:54","date_gmt":"2025-12-31T08:49:54","guid":{"rendered":"http:\/\/www.mendicdtenis.net\/web\/?p=4954"},"modified":"2026-01-14T18:44:00","modified_gmt":"2026-01-14T18:44:00","slug":"campeonato-de-alava-junior-y-veteranos-2026","status":"publish","type":"post","link":"http:\/\/www.mendicdtenis.net\/web\/2025\/12\/campeonato-de-alava-junior-y-veteranos-2026\/","title":{"rendered":"CAMPEONATO DE \u00c1LAVA JUNIOR Y VETERANOS 2026"},"content":{"rendered":"<p>Egun on guztioi, hola a tod@s, desde el 17 al 25 de enero se va a celebrar en la Instalaciones de Mendizorrotza en Vitoria-Gasteiz el mencionado evento.<\/p>\n<p>El cierre de inscripciones ser\u00e1 el lunes 12 de enero.<\/p>\n<p>El sorteo se efectuara el mi\u00e9rcoles d\u00eda 14 de enero a las 19h en las oficinas de la Federaci\u00f3n Alavesa sitas en las Instalaciones de Mendizorrotza (AFDA).<\/p>\n<a href=\"http:\/\/www.mendicdtenis.net\/web\/wp-content\/uploads\/2025\/12\/Bases-Cto-Alava-junior-y-veteranos-2026.pdf\" target=\"\" class=\"buttons btn_red \"><span class=\"left\">BASES TORNEO<\/span><\/a>\n<hr \/>\n<h2 style=\"text-align: center;\"><strong>CUADROS<\/strong><\/h2>\n<a href=\"https:\/\/resultadostenis.isquad.es\/4\/cuadro\/151209\" target=\"\" class=\"buttons btn_red \"><span class=\"left\">Masculino Junior Sub-18<\/span><\/a>\n<a href=\"https:\/\/resultadostenis.isquad.es\/4\/cuadro\/151208\" target=\"\" class=\"buttons btn_red \"><span class=\"left\">Femenino Junior Sub-18<\/span><\/a>\n<a href=\"https:\/\/resultadostenis.isquad.es\/4\/cuadro\/151210\" target=\"\" class=\"buttons btn_red \"><span class=\"left\">Masculino Veterana +35<\/span><\/a>\n<a href=\"https:\/\/resultadostenis.isquad.es\/4\/cuadro\/151211\" target=\"\" class=\"buttons btn_red \"><span class=\"left\">\u00a0Masculino Veterana +45<\/span><\/a>\n<a href=\"https:\/\/resultadostenis.isquad.es\/4\/cuadro\/151212\" target=\"\" class=\"buttons btn_red \"><span class=\"left\">Masculino Veterana +60<\/span><\/a>\n","protected":false},"excerpt":{"rendered":"<p>Egun on guztioi, hola a tod@s, desde el 17 al 25 de enero se va a celebrar en la Instalaciones de Mendizorrotza en Vitoria-Gasteiz el mencionado evento. El cierre de inscripciones ser\u00e1 el lunes 12&#8230;<\/p>\n","protected":false},"author":5,"featured_media":4952,"comment_status":"closed","ping_status":"closed","sticky":false,"template":"","format":"standard","meta":{"footnotes":""},"categories":[21,3,5,4],"tags":[],"class_list":["post-4954","post","type-post","status-publish","format-standard","has-post-thumbnail","hentry","category-logos-deportivos","category-noticias-de-actualidad","category-la-escuela","category-torneos"],"_links":{"self":[{"href":"http:\/\/www.mendicdtenis.net\/web\/wp-json\/wp\/v2\/posts\/4954","targetHints":{"allow":["GET"]}}],"collection":[{"href":"http:\/\/www.mendicdtenis.net\/web\/wp-json\/wp\/v2\/posts"}],"about":[{"href":"http:\/\/www.mendicdtenis.net\/web\/wp-json\/wp\/v2\/types\/post"}],"author":[{"embeddable":true,"href":"http:\/\/www.mendicdtenis.net\/web\/wp-json\/wp\/v2\/users\/5"}],"replies":[{"embeddable":true,"href":"http:\/\/www.mendicdtenis.net\/web\/wp-json\/wp\/v2\/comments?post=4954"}],"version-history":[{"count":7,"href":"http:\/\/www.mendicdtenis.net\/web\/wp-json\/wp\/v2\/posts\/4954\/revisions"}],"predecessor-version":[{"id":4978,"href":"http:\/\/www.mendicdtenis.net\/web\/wp-json\/wp\/v2\/posts\/4954\/revisions\/4978"}],"wp:featuredmedia":[{"embeddable":true,"href":"http:\/\/www.mendicdtenis.net\/web\/wp-json\/wp\/v2\/media\/4952"}],"wp:attachment":[{"href":"http:\/\/www.mendicdtenis.net\/web\/wp-json\/wp\/v2\/media?parent=4954"}],"wp:term":[{"taxonomy":"category","embeddable":true,"href":"http:\/\/www.mendicdtenis.net\/web\/wp-json\/wp\/v2\/categories?post=4954"},{"taxonomy":"post_tag","embeddable":true,"href":"http:\/\/www.mendicdtenis.net\/web\/wp-json\/wp\/v2\/tags?post=4954"}],"curies":[{"name":"wp","href":"https:\/\/api.w.org\/{rel}","templated":true}]}}