{"id":4642,"date":"2025-01-08T08:15:29","date_gmt":"2025-01-08T08:15:29","guid":{"rendered":"http:\/\/www.mendicdtenis.net\/web\/?p=4642"},"modified":"2025-01-29T08:27:17","modified_gmt":"2025-01-29T08:27:17","slug":"cptos-de-alava-2025-alevin-cadete-y-absoluto","status":"publish","type":"post","link":"http:\/\/www.mendicdtenis.net\/web\/2025\/01\/cptos-de-alava-2025-alevin-cadete-y-absoluto\/","title":{"rendered":"CPTOS. DE \u00c1LAVA 2025 (alev\u00edn, cadete y absoluto)"},"content":{"rendered":"<p>Kaixo, hola, entre los d\u00edas 25 de enero y 2 de febrero,\u00a0 se va a celebrar en las Instalaciones de Mendizorrotza el mencionado evento)<\/p>\n<p>Las inscripciones se cerrar\u00e1n el lunes d\u00eda 20 de ENERO a las 13h<\/p>\n<p>El sorteo ser\u00e1 el mi\u00e9rcoles 22 de ENERO a las 13,15h.\u00a0 en los locales de la ADFA, sitas en el campo de f\u00fatbol de Mendizorrotza.<\/p>\n<p>Como siempre os digo, leed la HOJA ANEXA.<\/p>\n<p><em><strong>LOS \u00abCUADROS\u00bb SER\u00c1N DE UN M\u00cdNIMO DE 8 JUGADORES\/AS<\/strong><\/em><\/p>\n<p>&nbsp;<\/p>\n<p>&nbsp;<\/p>\n<a href=\"https:\/\/drive.google.com\/file\/d\/1ojqme9UYTb0Ph7vDesnKbBlc7GDS8aTt\/view?usp=sharing\" target=\"_self\" class=\"buttons btn_red left\"><span class=\"left\">hoja anexa<\/span><\/a>\n<a href=\"https:\/\/docs.google.com\/spreadsheets\/d\/1QKFHJqgWrk0soTxEMcdJefGYYeE9ZQ34RsyBtXIYZyo\/edit?usp=sharing\" target=\"_self\" class=\"buttons btn_red left\"><span class=\"left\">lista de inscritos<\/span><\/a>\n<a href=\"https:\/\/drive.google.com\/file\/d\/1RP-JvghBTgiWCrnuLbsMKISJ_pC6AKTW\/view?usp=sharing\" target=\"_self\" class=\"buttons btn_green left\"><span class=\"left\">alev\u00edn femenino<\/span><\/a>\n<a href=\"https:\/\/drive.google.com\/file\/d\/1B9zysIPgC5IfqtIYhETilz3SJRFy2j3W\/view?usp=sharing\" target=\"_self\" class=\"buttons btn_green left\"><span class=\"left\">alev\u00edn masculino<\/span><\/a>\n<a href=\"https:\/\/drive.google.com\/file\/d\/1IC5qqRxgPyzzjTxECAoMz4GHA-ru_v_s\/view?usp=sharing\" target=\"_self\" class=\"buttons btn_green left\"><span class=\"left\">cadete femenino<\/span><\/a>\n<a href=\"https:\/\/drive.google.com\/file\/d\/1mSZrf1FMvBB3x1MCyNSKngLcU1Q37gDi\/view?usp=sharing\" target=\"_self\" class=\"buttons btn_green left\"><span class=\"left\">cadete masculino<\/span><\/a>\n<a href=\"https:\/\/drive.google.com\/file\/d\/1BpbVLyS2HMwRit7HBLhYl7EZw-7KyQAH\/view?usp=sharing\" target=\"_self\" class=\"buttons btn_green left\"><span class=\"left\">absoluto femenino<\/span><\/a>\n<a href=\"https:\/\/drive.google.com\/file\/d\/1qiLdNXKg_K_n0AUbx9MJIIil3lunBHU9\/view?usp=sharing\" target=\"_self\" class=\"buttons btn_green left\"><span class=\"left\">absoluto masculino<\/span><\/a>\n<a href=\"https:\/\/drive.google.com\/file\/d\/1r3WOI2rn5K56dA0elXRZPrK-P4rNPxQl\/view?usp=sharing\" target=\"_self\" class=\"buttons btn_blue left\"><span class=\"left\">o.j. viernes 31-01-2025<\/span><\/a>\n<a href=\"https:\/\/drive.google.com\/file\/d\/1ObeV_-TDAPhlYOo2kV32E_r2VGXsGP0p\/view?usp=sharing\" target=\"_self\" class=\"buttons btn_blue left\"><span class=\"left\">o.j. s\u00e1bado 01-02-2025<\/span><\/a>\n<a href=\"https:\/\/drive.google.com\/file\/d\/15Yx23XX2cZwhyBasaAQL9tL0g5XHs35i\/view?usp=sharing\" target=\"_self\" class=\"buttons btn_blue left\"><span class=\"left\">o.j. domingo 02-02-2025<\/span><\/a>\n<p>&nbsp;<\/p>\n","protected":false},"excerpt":{"rendered":"<p>Kaixo, hola, entre los d\u00edas 25 de enero y 2 de febrero,\u00a0 se va a celebrar en las Instalaciones de Mendizorrotza el mencionado evento) Las inscripciones se cerrar\u00e1n el lunes d\u00eda 20 de ENERO a&#8230;<\/p>\n","protected":false},"author":5,"featured_media":4647,"comment_status":"closed","ping_status":"closed","sticky":false,"template":"","format":"standard","meta":{"footnotes":""},"categories":[3,5,4],"tags":[],"class_list":["post-4642","post","type-post","status-publish","format-standard","has-post-thumbnail","hentry","category-noticias-de-actualidad","category-la-escuela","category-torneos"],"_links":{"self":[{"href":"http:\/\/www.mendicdtenis.net\/web\/wp-json\/wp\/v2\/posts\/4642","targetHints":{"allow":["GET"]}}],"collection":[{"href":"http:\/\/www.mendicdtenis.net\/web\/wp-json\/wp\/v2\/posts"}],"about":[{"href":"http:\/\/www.mendicdtenis.net\/web\/wp-json\/wp\/v2\/types\/post"}],"author":[{"embeddable":true,"href":"http:\/\/www.mendicdtenis.net\/web\/wp-json\/wp\/v2\/users\/5"}],"replies":[{"embeddable":true,"href":"http:\/\/www.mendicdtenis.net\/web\/wp-json\/wp\/v2\/comments?post=4642"}],"version-history":[{"count":19,"href":"http:\/\/www.mendicdtenis.net\/web\/wp-json\/wp\/v2\/posts\/4642\/revisions"}],"predecessor-version":[{"id":4666,"href":"http:\/\/www.mendicdtenis.net\/web\/wp-json\/wp\/v2\/posts\/4642\/revisions\/4666"}],"wp:featuredmedia":[{"embeddable":true,"href":"http:\/\/www.mendicdtenis.net\/web\/wp-json\/wp\/v2\/media\/4647"}],"wp:attachment":[{"href":"http:\/\/www.mendicdtenis.net\/web\/wp-json\/wp\/v2\/media?parent=4642"}],"wp:term":[{"taxonomy":"category","embeddable":true,"href":"http:\/\/www.mendicdtenis.net\/web\/wp-json\/wp\/v2\/categories?post=4642"},{"taxonomy":"post_tag","embeddable":true,"href":"http:\/\/www.mendicdtenis.net\/web\/wp-json\/wp\/v2\/tags?post=4642"}],"curies":[{"name":"wp","href":"https:\/\/api.w.org\/{rel}","templated":true}]}}