{"id":4149,"date":"2024-05-27T15:39:41","date_gmt":"2024-05-27T15:39:41","guid":{"rendered":"http:\/\/www.mendicdtenis.net\/web\/?p=4149"},"modified":"2025-01-05T10:12:31","modified_gmt":"2025-01-05T10:12:31","slug":"xxxviii-open-nacional-de-mendizorrotza-abs-1-2024","status":"publish","type":"post","link":"http:\/\/www.mendicdtenis.net\/web\/2024\/05\/xxxviii-open-nacional-de-mendizorrotza-abs-1-2024\/","title":{"rendered":"XXXVII OPEN NACIONAL DE MENDIZORROTZA ABS (1) 2024"},"content":{"rendered":"<p>Kaixo, Hola, entre los d\u00edas 6 al 13 de julio se va a celebrar el mencionado evento.<\/p>\n<p>Dicho evento se celebrar\u00e1 en las Instalaciones de Mendizorrotza de Vitoria-Gasteiz,<\/p>\n<p>La fase previa ser\u00e1 del 6 al 9 de julio (se clasifican 4) y la fase final (cuadro de 16) del 10 al 13 de julio<\/p>\n<p>Tendr\u00e1 una dotaci\u00f3n de 1.000\u20ac repartidas de la siguiente manera:<\/p>\n<ul>\n<li>Campe\u00f3n, 500\u20ac y trofeo<\/li>\n<li>Sub-campe\u00f3n 250\u20ac y trofeo<\/li>\n<li>Semifinalistas, 125\u20ac cada uno<\/li>\n<\/ul>\n<p>Os esperamos.<\/p>\n<p>&nbsp;<\/p>\n<a href=\"https:\/\/drive.google.com\/file\/d\/1LA3pllfjQacQSow3dT2H4TzIc4l8iKeO\/view?usp=sharing\" target=\"_self\" class=\"buttons btn_red left\"><span class=\"left\">lista de admitidos<\/span><\/a>\n<a href=\"https:\/\/drive.google.com\/file\/d\/1-phQgIEoT-K3-KQuijFMl5YHXSJKXFjl\/view?usp=sharing\" target=\"_self\" class=\"buttons btn_red left\"><span class=\"left\">hoja anexa<\/span><\/a>\n<a href=\"https:\/\/drive.google.com\/file\/d\/1DLihRGba8GLDwkqxk5r3VvelrnxdfMPf\/view?usp=sharing\" target=\"_self\" class=\"buttons btn_red left\"><span class=\"left\">Fase Previa-<\/span><\/a>\n<a href=\"https:\/\/drive.google.com\/file\/d\/1YCrqoc0eaSBKKbj1MM2uLtdEXDzCFpEV\/view?usp=sharing\" target=\"_self\" class=\"buttons btn_green left\"><span class=\"left\">Fase Final<\/span><\/a>\n<a href=\"https:\/\/drive.google.com\/file\/d\/16qr-gxwji-4KfdQjqPGrp8BY7v-MFZj3\/view?usp=sharing\" target=\"_self\" class=\"buttons btn_green left\"><span class=\"left\">o.j. s\u00e1bado 13-07-2024<\/span><\/a>\n<p>&nbsp;<\/p>\n","protected":false},"excerpt":{"rendered":"<p>Kaixo, Hola, entre los d\u00edas 6 al 13 de julio se va a celebrar el mencionado evento. Dicho evento se celebrar\u00e1 en las Instalaciones de Mendizorrotza de Vitoria-Gasteiz, La fase previa ser\u00e1 del 6 al&#8230;<\/p>\n","protected":false},"author":5,"featured_media":4150,"comment_status":"closed","ping_status":"closed","sticky":false,"template":"","format":"standard","meta":{"footnotes":""},"categories":[3,4],"tags":[],"class_list":["post-4149","post","type-post","status-publish","format-standard","has-post-thumbnail","hentry","category-noticias-de-actualidad","category-torneos"],"_links":{"self":[{"href":"http:\/\/www.mendicdtenis.net\/web\/wp-json\/wp\/v2\/posts\/4149","targetHints":{"allow":["GET"]}}],"collection":[{"href":"http:\/\/www.mendicdtenis.net\/web\/wp-json\/wp\/v2\/posts"}],"about":[{"href":"http:\/\/www.mendicdtenis.net\/web\/wp-json\/wp\/v2\/types\/post"}],"author":[{"embeddable":true,"href":"http:\/\/www.mendicdtenis.net\/web\/wp-json\/wp\/v2\/users\/5"}],"replies":[{"embeddable":true,"href":"http:\/\/www.mendicdtenis.net\/web\/wp-json\/wp\/v2\/comments?post=4149"}],"version-history":[{"count":22,"href":"http:\/\/www.mendicdtenis.net\/web\/wp-json\/wp\/v2\/posts\/4149\/revisions"}],"predecessor-version":[{"id":4641,"href":"http:\/\/www.mendicdtenis.net\/web\/wp-json\/wp\/v2\/posts\/4149\/revisions\/4641"}],"wp:featuredmedia":[{"embeddable":true,"href":"http:\/\/www.mendicdtenis.net\/web\/wp-json\/wp\/v2\/media\/4150"}],"wp:attachment":[{"href":"http:\/\/www.mendicdtenis.net\/web\/wp-json\/wp\/v2\/media?parent=4149"}],"wp:term":[{"taxonomy":"category","embeddable":true,"href":"http:\/\/www.mendicdtenis.net\/web\/wp-json\/wp\/v2\/categories?post=4149"},{"taxonomy":"post_tag","embeddable":true,"href":"http:\/\/www.mendicdtenis.net\/web\/wp-json\/wp\/v2\/tags?post=4149"}],"curies":[{"name":"wp","href":"https:\/\/api.w.org\/{rel}","templated":true}]}}