{"id":3953,"date":"2023-10-15T18:32:49","date_gmt":"2023-10-15T18:32:49","guid":{"rendered":"http:\/\/www.mendicdtenis.net\/web\/?p=3953"},"modified":"2023-11-13T09:03:54","modified_gmt":"2023-11-13T09:03:54","slug":"master-de-alava-2023-alevin-absoluto-y-veteranos-45-y-551-3","status":"publish","type":"post","link":"http:\/\/www.mendicdtenis.net\/web\/2023\/10\/master-de-alava-2023-alevin-absoluto-y-veteranos-45-y-551-3\/","title":{"rendered":"MASTER DE \u00c1LAVA 2023 (alevin, absoluto y veteranos +35 (fem)+45 y +55)(mas)"},"content":{"rendered":"<p>Kaixo, hola, entre los d\u00edas 4 y 12 de noviembre se va a celebrar en las Instalaciones de Mendizorrotza el Master de \u00c1lava 2023 en las categor\u00edas, alev\u00edn, absoluto y veteranos +35 (fem)+45 y +55, (mas)<\/p>\n<p>Las inscripciones se cerrar\u00e1n el lunes d\u00eda 30 de octubre a las 13h<\/p>\n<p>El sorteo ser\u00e1 el martes 31 de octubre a las 13,15h.\u00a0 en los locales de la ADFA, sitas en el campo de futbol de Mendizorrotza.<\/p>\n<p>Besarkada handi bat.<\/p>\n<a href=\"https:\/\/drive.google.com\/file\/d\/128XJyputE-iy9Su4yeO_BgP5Q9kXLAAl\/view?usp=sharing\" target=\"_self\" class=\"buttons btn_red left\"><span class=\"left\">hoja anexa<\/span><\/a>\n<a href=\"https:\/\/docs.google.com\/spreadsheets\/d\/1GhhNGQNNu-HhM4BcEH1mrPWgCzzWSTE4QXHReK5j3ms\/edit?usp=sharing\" target=\"_self\" class=\"buttons btn_red left\"><span class=\"left\">lista de inscritos<\/span><\/a>\n<a href=\"https:\/\/drive.google.com\/file\/d\/11UwRUkIpO_rMEHyT47ckJyMMyDpjB384\/view?usp=sharing\" target=\"_self\" class=\"buttons btn_green left\"><span class=\"left\">veteranos +45(1)<\/span><\/a>\n<a href=\"https:\/\/drive.google.com\/file\/d\/1KVUOucq-LUWW7_h4WiIKgD4ZOOShgQOu\/view?usp=sharing\" target=\"_self\" class=\"buttons btn_green left\"><span class=\"left\">alev\u00edn femenino<\/span><\/a>\n<a href=\"https:\/\/drive.google.com\/file\/d\/1TfRt_Ng8cXByijz3L3dsH8I5xx4nxp-p\/view?usp=sharing\" target=\"_self\" class=\"buttons btn_green left\"><span class=\"left\">alev\u00edn masculino<\/span><\/a>\n<a href=\"https:\/\/drive.google.com\/file\/d\/1bc4QOkQoibTzZAxjpeAJiH8kQMxkMH-q\/view?usp=sharing\" target=\"_self\" class=\"buttons btn_green left\"><span class=\"left\">absoluto masculino<\/span><\/a>\n<p>&nbsp;<\/p>\n","protected":false},"excerpt":{"rendered":"<p>Kaixo, hola, entre los d\u00edas 4 y 12 de noviembre se va a celebrar en las Instalaciones de Mendizorrotza el Master de \u00c1lava 2023 en las categor\u00edas, alev\u00edn, absoluto y veteranos +35 (fem)+45 y +55,&#8230;<\/p>\n","protected":false},"author":5,"featured_media":3961,"comment_status":"closed","ping_status":"closed","sticky":false,"template":"","format":"standard","meta":{"footnotes":""},"categories":[3,5,4],"tags":[],"class_list":["post-3953","post","type-post","status-publish","format-standard","has-post-thumbnail","hentry","category-noticias-de-actualidad","category-la-escuela","category-torneos"],"_links":{"self":[{"href":"http:\/\/www.mendicdtenis.net\/web\/wp-json\/wp\/v2\/posts\/3953","targetHints":{"allow":["GET"]}}],"collection":[{"href":"http:\/\/www.mendicdtenis.net\/web\/wp-json\/wp\/v2\/posts"}],"about":[{"href":"http:\/\/www.mendicdtenis.net\/web\/wp-json\/wp\/v2\/types\/post"}],"author":[{"embeddable":true,"href":"http:\/\/www.mendicdtenis.net\/web\/wp-json\/wp\/v2\/users\/5"}],"replies":[{"embeddable":true,"href":"http:\/\/www.mendicdtenis.net\/web\/wp-json\/wp\/v2\/comments?post=3953"}],"version-history":[{"count":18,"href":"http:\/\/www.mendicdtenis.net\/web\/wp-json\/wp\/v2\/posts\/3953\/revisions"}],"predecessor-version":[{"id":3976,"href":"http:\/\/www.mendicdtenis.net\/web\/wp-json\/wp\/v2\/posts\/3953\/revisions\/3976"}],"wp:featuredmedia":[{"embeddable":true,"href":"http:\/\/www.mendicdtenis.net\/web\/wp-json\/wp\/v2\/media\/3961"}],"wp:attachment":[{"href":"http:\/\/www.mendicdtenis.net\/web\/wp-json\/wp\/v2\/media?parent=3953"}],"wp:term":[{"taxonomy":"category","embeddable":true,"href":"http:\/\/www.mendicdtenis.net\/web\/wp-json\/wp\/v2\/categories?post=3953"},{"taxonomy":"post_tag","embeddable":true,"href":"http:\/\/www.mendicdtenis.net\/web\/wp-json\/wp\/v2\/tags?post=3953"}],"curies":[{"name":"wp","href":"https:\/\/api.w.org\/{rel}","templated":true}]}}