{"id":3879,"date":"2023-07-06T08:24:57","date_gmt":"2023-07-06T08:24:57","guid":{"rendered":"http:\/\/www.mendicdtenis.net\/web\/?p=3879"},"modified":"2023-07-25T17:42:33","modified_gmt":"2023-07-25T17:42:33","slug":"xxxvii-open-nacional-virgen-blanca-femenino-2023","status":"publish","type":"post","link":"http:\/\/www.mendicdtenis.net\/web\/2023\/07\/xxxvii-open-nacional-virgen-blanca-femenino-2023\/","title":{"rendered":"XXXVII OPEN NACIONAL VIRGEN BLANCA FEMENINO 2023"},"content":{"rendered":"<p>Kaixo guztioi, entre los d\u00edas 22 al 30 de julio se va ha celebrar el mencionado torneo.<\/p>\n<p>Las inscripciones : <strong>!!!!!!!!!!&#8212;&#8212;&#8212;SE AMPLIA EL PLAZO HASTA EL MARTES 18 de julio a las 13h &#8212;&#8211;\u00a1\u00a1\u00a1\u00a1\u00a1\u00a1\u00a1\u00a1\u00a1\u00a1\u00a1\u00a1\u00a1<\/strong><\/p>\n<p>El sorteo, ser\u00e1 el mi\u00e9rcoles d\u00eda 19 de junio a las 13,15h en la ADFA (sita en el campo de futbol de Mendizorrotza)<\/p>\n<p>Tel\u00e9fono de contacto: Jos\u00e9 M\u00aa Narvarte, 627034188.<\/p>\n<p>Como siempre, leed la HOJA ANEXA.<\/p>\n<p>Besarkada handi bat.<\/p>\n<p>&nbsp;<\/p>\n<a href=\"https:\/\/forms.gle\/sN28KbrZMP8ksYYj7\" target=\"_self\" class=\"buttons btn_red left\"><span class=\"left\">hoja de inscripci\u00f3n<\/span><\/a>\n<a href=\"https:\/\/drive.google.com\/file\/d\/128XJyputE-iy9Su4yeO_BgP5Q9kXLAAl\/view?usp=sharing\" target=\"_self\" class=\"buttons btn_red left\"><span class=\"left\">hoja anexa<\/span><\/a>\n<a href=\"https:\/\/docs.google.com\/spreadsheets\/d\/1V7JcCU7hmU1gzuDmWQ49ChLkPDaBxRTm8bnpq9NOh8A\/edit?usp=sharing\" target=\"_self\" class=\"buttons btn_red left\"><span class=\"left\">lista de inscritos<\/span><\/a>\n<a href=\"https:\/\/drive.google.com\/file\/d\/1IhZmj8fFfhcR9FBqTB8wAXkitHdeWl9Z\/view?usp=sharing\" target=\"_self\" class=\"buttons btn_green left\"><span class=\"left\">infantil femenino<\/span><\/a>\n<a href=\"https:\/\/drive.google.com\/file\/d\/1WrY6ERLcPCHNkuU2gBp3_OguHYLNa--P\/view?usp=sharing\" target=\"_self\" class=\"buttons btn_red left\"><span class=\"left\">o.j. jueves 27 2023<\/span><\/a>\n","protected":false},"excerpt":{"rendered":"<p>Kaixo guztioi, entre los d\u00edas 22 al 30 de julio se va ha celebrar el mencionado torneo. Las inscripciones : !!!!!!!!!!&#8212;&#8212;&#8212;SE AMPLIA EL PLAZO HASTA EL MARTES 18 de julio a las 13h &#8212;&#8211;\u00a1\u00a1\u00a1\u00a1\u00a1\u00a1\u00a1\u00a1\u00a1\u00a1\u00a1\u00a1\u00a1 El&#8230;<\/p>\n","protected":false},"author":5,"featured_media":3888,"comment_status":"closed","ping_status":"closed","sticky":false,"template":"","format":"standard","meta":{"footnotes":""},"categories":[3,5,4],"tags":[],"class_list":["post-3879","post","type-post","status-publish","format-standard","has-post-thumbnail","hentry","category-noticias-de-actualidad","category-la-escuela","category-torneos"],"_links":{"self":[{"href":"http:\/\/www.mendicdtenis.net\/web\/wp-json\/wp\/v2\/posts\/3879","targetHints":{"allow":["GET"]}}],"collection":[{"href":"http:\/\/www.mendicdtenis.net\/web\/wp-json\/wp\/v2\/posts"}],"about":[{"href":"http:\/\/www.mendicdtenis.net\/web\/wp-json\/wp\/v2\/types\/post"}],"author":[{"embeddable":true,"href":"http:\/\/www.mendicdtenis.net\/web\/wp-json\/wp\/v2\/users\/5"}],"replies":[{"embeddable":true,"href":"http:\/\/www.mendicdtenis.net\/web\/wp-json\/wp\/v2\/comments?post=3879"}],"version-history":[{"count":13,"href":"http:\/\/www.mendicdtenis.net\/web\/wp-json\/wp\/v2\/posts\/3879\/revisions"}],"predecessor-version":[{"id":3903,"href":"http:\/\/www.mendicdtenis.net\/web\/wp-json\/wp\/v2\/posts\/3879\/revisions\/3903"}],"wp:featuredmedia":[{"embeddable":true,"href":"http:\/\/www.mendicdtenis.net\/web\/wp-json\/wp\/v2\/media\/3888"}],"wp:attachment":[{"href":"http:\/\/www.mendicdtenis.net\/web\/wp-json\/wp\/v2\/media?parent=3879"}],"wp:term":[{"taxonomy":"category","embeddable":true,"href":"http:\/\/www.mendicdtenis.net\/web\/wp-json\/wp\/v2\/categories?post=3879"},{"taxonomy":"post_tag","embeddable":true,"href":"http:\/\/www.mendicdtenis.net\/web\/wp-json\/wp\/v2\/tags?post=3879"}],"curies":[{"name":"wp","href":"https:\/\/api.w.org\/{rel}","templated":true}]}}