{"id":3683,"date":"2023-01-05T10:08:55","date_gmt":"2023-01-05T10:08:55","guid":{"rendered":"http:\/\/www.mendicdtenis.net\/web\/?p=3683"},"modified":"2023-01-30T17:42:52","modified_gmt":"2023-01-30T17:42:52","slug":"campeonato-de-alava-cadete-2023-1-3","status":"publish","type":"post","link":"http:\/\/www.mendicdtenis.net\/web\/2023\/01\/campeonato-de-alava-cadete-2023-1-3\/","title":{"rendered":"CAMPEONATO DE \u00c1LAVA CADETE 2023 (1-3)"},"content":{"rendered":"<p>Kaixo, a partir del 28 de enero y hasta el 5 de febrero, se va a organizar en las Instalaciones de Mendizorrotza y organizado por el Mendizorrotza, Club Deportivo Tenis, el Cpto. de \u00c1lava Cadete, masculino y femenino.<\/p>\n<p>Las inscripciones se cerrar\u00e1n el lunes 23 de enero a las 13h,<\/p>\n<p>El sorteo se efectuar\u00e1 el mi\u00e9rcoles d\u00eda 25 de enero, a las 13h, en la ADFA (sitas en el campo de futbol de Mendizorrotza).<\/p>\n<p>Es importante leer la hoja anexa.<\/p>\n<p>Besarkada handi bat<\/p>\n<p>&nbsp;<\/p>\n<a href=\"https:\/\/drive.google.com\/file\/d\/1G9LLf-fg7n0HiQmVXj2F33JMC6GbpmDs\/view?usp=share_link\" target=\"_self\" class=\"buttons btn_red left\"><span class=\"left\">hoja anexa<\/span><\/a>\n<a href=\"https:\/\/drive.google.com\/file\/d\/1CEjnufpYI7m1bcO-bLQhbCB2QPxBwc65\/view?usp=share_link\" target=\"_self\" class=\"buttons btn_green left\"><span class=\"left\">cadete masculino<\/span><\/a>\n<a href=\"https:\/\/drive.google.com\/file\/d\/1sVPuK7H2BC7jOeHwHH_n5ojjeLqiryGR\/view?usp=share_link\" target=\"_self\" class=\"buttons btn_green left\"><span class=\"left\">cadete femenino<\/span><\/a>\n<a href=\"https:\/\/drive.google.com\/file\/d\/11x2N_Kkcf2cKiJRdkmse84_cDjfGeb3G\/view?usp=share_link\" target=\"_self\" class=\"buttons btn_red left\"><span class=\"left\">o.j. jueves, 02-02-2023<\/span><\/a>\n<a href=\"https:\/\/drive.google.com\/file\/d\/1x0JClkWAaPyTh70uCJOuYmJlqExTqfFe\/view?usp=share_link\" target=\"_self\" class=\"buttons btn_red left\"><span class=\"left\">o.j. s\u00e1bado, 04-02-2023<\/span><\/a>\n","protected":false},"excerpt":{"rendered":"<p>Kaixo, a partir del 28 de enero y hasta el 5 de febrero, se va a organizar en las Instalaciones de Mendizorrotza y organizado por el Mendizorrotza, Club Deportivo Tenis, el Cpto. de \u00c1lava Cadete,&#8230;<\/p>\n","protected":false},"author":5,"featured_media":3684,"comment_status":"closed","ping_status":"closed","sticky":false,"template":"","format":"standard","meta":{"footnotes":""},"categories":[3,5,4],"tags":[],"class_list":["post-3683","post","type-post","status-publish","format-standard","has-post-thumbnail","hentry","category-noticias-de-actualidad","category-la-escuela","category-torneos"],"_links":{"self":[{"href":"http:\/\/www.mendicdtenis.net\/web\/wp-json\/wp\/v2\/posts\/3683","targetHints":{"allow":["GET"]}}],"collection":[{"href":"http:\/\/www.mendicdtenis.net\/web\/wp-json\/wp\/v2\/posts"}],"about":[{"href":"http:\/\/www.mendicdtenis.net\/web\/wp-json\/wp\/v2\/types\/post"}],"author":[{"embeddable":true,"href":"http:\/\/www.mendicdtenis.net\/web\/wp-json\/wp\/v2\/users\/5"}],"replies":[{"embeddable":true,"href":"http:\/\/www.mendicdtenis.net\/web\/wp-json\/wp\/v2\/comments?post=3683"}],"version-history":[{"count":15,"href":"http:\/\/www.mendicdtenis.net\/web\/wp-json\/wp\/v2\/posts\/3683\/revisions"}],"predecessor-version":[{"id":3702,"href":"http:\/\/www.mendicdtenis.net\/web\/wp-json\/wp\/v2\/posts\/3683\/revisions\/3702"}],"wp:featuredmedia":[{"embeddable":true,"href":"http:\/\/www.mendicdtenis.net\/web\/wp-json\/wp\/v2\/media\/3684"}],"wp:attachment":[{"href":"http:\/\/www.mendicdtenis.net\/web\/wp-json\/wp\/v2\/media?parent=3683"}],"wp:term":[{"taxonomy":"category","embeddable":true,"href":"http:\/\/www.mendicdtenis.net\/web\/wp-json\/wp\/v2\/categories?post=3683"},{"taxonomy":"post_tag","embeddable":true,"href":"http:\/\/www.mendicdtenis.net\/web\/wp-json\/wp\/v2\/tags?post=3683"}],"curies":[{"name":"wp","href":"https:\/\/api.w.org\/{rel}","templated":true}]}}