{"id":3495,"date":"2022-06-23T13:09:51","date_gmt":"2022-06-23T13:09:51","guid":{"rendered":"http:\/\/www.mendicdtenis.net\/web\/?p=3495"},"modified":"2022-07-18T11:16:45","modified_gmt":"2022-07-18T11:16:45","slug":"xxxv-open-nacional-masculino-de-mendizorrotza-2022","status":"publish","type":"post","link":"http:\/\/www.mendicdtenis.net\/web\/2022\/06\/xxxv-open-nacional-masculino-de-mendizorrotza-2022\/","title":{"rendered":"XXXV OPEN NACIONAL MASCULINO DE MENDIZORROTZA 2022"},"content":{"rendered":"<h3>Kaixo guztioi, <span style=\"color: #ff0000;\"><strong>el 9 de julio<\/strong><\/span>, dar\u00e1 comienzo la trig\u00e9simo quinta edici\u00f3n del Open Nacional masculino de Mendizorrotza en las categor\u00edas, alev\u00edn; cadete; absoluto y veteranos +45.<\/h3>\n<p>El cierre de inscripciones ser\u00e1 el <strong>lunes d\u00eda 4 de julio a las 13h.<\/strong><\/p>\n<p>El sorteo se celebrar\u00e1 en la ADFA <strong>el mi\u00e9rcoles a las 13h<\/strong>.<\/p>\n<p><strong>SOLO SE PODR\u00c1 INSCRIBIR A UNA CATEGORIA.<\/strong><\/p>\n<p>Se recomienda leer la <strong>HOJA ANEXA.<\/strong><\/p>\n<p><span style=\"color: #ff0000;\"><strong>NO se permitir\u00e1 jugar con vestimenta no autorizada por la RFET.<\/strong><\/span><\/p>\n<p>Besarkada handi bat.<\/p>\n<a href=\"https:\/\/drive.google.com\/file\/d\/1G9LLf-fg7n0HiQmVXj2F33JMC6GbpmDs\/view?usp=sharing\" target=\"_self\" class=\"buttons btn_red left\"><span class=\"left\">hoja anexa<\/span><\/a>\n<a href=\"https:\/\/docs.google.com\/spreadsheets\/d\/1_W_vE_TTyaGaVkREKJ9jLml5jgqN3WSiBIB2Rtn1jb8\/edit?usp=sharing\" target=\"_self\" class=\"buttons btn_red left\"><span class=\"left\">lista de inscritos<\/span><\/a>\n<a href=\"https:\/\/drive.google.com\/file\/d\/1rz7FJv5rxmhVKt6sIk9ChAzHWI2P0j6p\/view?usp=sharing\" target=\"_self\" class=\"buttons btn_green left\"><span class=\"left\">veteranos +45<\/span><\/a>\n<a href=\"https:\/\/drive.google.com\/file\/d\/1qHbnUwEYlJ8kDxc7IutAA9EEvDQORuU8\/view?usp=sharing\" target=\"_self\" class=\"buttons btn_green left\"><span class=\"left\">cadete masculino<\/span><\/a>\n<a href=\"https:\/\/drive.google.com\/file\/d\/1ZWEr4EFhQv55wp4Y0z2uwOSN86E0S3AN\/view?usp=sharing\" target=\"_self\" class=\"buttons btn_green left\"><span class=\"left\">alev\u00edn masculino<\/span><\/a>\n<a href=\"https:\/\/drive.google.com\/file\/d\/1Kd2DnAi5auZG_WklNdbmRfO2E7AADach\/view?usp=sharing\" target=\"_self\" class=\"buttons btn_green left\"><span class=\"left\">absoluto masculino<\/span><\/a>\n<a href=\"https:\/\/drive.google.com\/file\/d\/1C0KLwSeS5wP0t_QS4FFbIrSdeJWFtFUN\/view?usp=sharing\" target=\"_self\" class=\"buttons btn_red left\"><span class=\"left\">O.J. sab 16 y dom, 17<\/span><\/a>\n","protected":false},"excerpt":{"rendered":"<p>Kaixo guztioi, el 9 de julio, dar\u00e1 comienzo la trig\u00e9simo quinta edici\u00f3n del Open Nacional masculino de Mendizorrotza en las categor\u00edas, alev\u00edn; cadete; absoluto y veteranos +45. El cierre de inscripciones ser\u00e1 el lunes d\u00eda&#8230;<\/p>\n","protected":false},"author":5,"featured_media":3498,"comment_status":"closed","ping_status":"closed","sticky":false,"template":"","format":"standard","meta":{"footnotes":""},"categories":[3,5,4],"tags":[],"class_list":["post-3495","post","type-post","status-publish","format-standard","has-post-thumbnail","hentry","category-noticias-de-actualidad","category-la-escuela","category-torneos"],"_links":{"self":[{"href":"http:\/\/www.mendicdtenis.net\/web\/wp-json\/wp\/v2\/posts\/3495","targetHints":{"allow":["GET"]}}],"collection":[{"href":"http:\/\/www.mendicdtenis.net\/web\/wp-json\/wp\/v2\/posts"}],"about":[{"href":"http:\/\/www.mendicdtenis.net\/web\/wp-json\/wp\/v2\/types\/post"}],"author":[{"embeddable":true,"href":"http:\/\/www.mendicdtenis.net\/web\/wp-json\/wp\/v2\/users\/5"}],"replies":[{"embeddable":true,"href":"http:\/\/www.mendicdtenis.net\/web\/wp-json\/wp\/v2\/comments?post=3495"}],"version-history":[{"count":29,"href":"http:\/\/www.mendicdtenis.net\/web\/wp-json\/wp\/v2\/posts\/3495\/revisions"}],"predecessor-version":[{"id":3540,"href":"http:\/\/www.mendicdtenis.net\/web\/wp-json\/wp\/v2\/posts\/3495\/revisions\/3540"}],"wp:featuredmedia":[{"embeddable":true,"href":"http:\/\/www.mendicdtenis.net\/web\/wp-json\/wp\/v2\/media\/3498"}],"wp:attachment":[{"href":"http:\/\/www.mendicdtenis.net\/web\/wp-json\/wp\/v2\/media?parent=3495"}],"wp:term":[{"taxonomy":"category","embeddable":true,"href":"http:\/\/www.mendicdtenis.net\/web\/wp-json\/wp\/v2\/categories?post=3495"},{"taxonomy":"post_tag","embeddable":true,"href":"http:\/\/www.mendicdtenis.net\/web\/wp-json\/wp\/v2\/tags?post=3495"}],"curies":[{"name":"wp","href":"https:\/\/api.w.org\/{rel}","templated":true}]}}