{"id":3015,"date":"2021-04-02T06:37:38","date_gmt":"2021-04-02T06:37:38","guid":{"rendered":"http:\/\/www.mendicdtenis.net\/web\/?p=3015"},"modified":"2021-04-25T17:05:25","modified_gmt":"2021-04-25T17:05:25","slug":"cptos-alava-2021-sub10-junior-y-veteranos1-3","status":"publish","type":"post","link":"http:\/\/www.mendicdtenis.net\/web\/2021\/04\/cptos-alava-2021-sub10-junior-y-veteranos1-3\/","title":{"rendered":"CPTOS. \u00c1LAVA 2021 (sub10, junior y veteranos)1-3"},"content":{"rendered":"<p>Kaixo guztioi, se van a celebrar, entre los d\u00edas, 17 al 25 de abril los Cptos. de \u00c1lava, sub10, junior y veteranos.<\/p>\n<p>El cierre de las inscripciones ser\u00e1 el martes d\u00eda 13 a las 13h.<\/p>\n<p>El sorteo ser\u00e1 el mi\u00e9rcoles 14 a las 13h en la AFDA (sita en el campo de futbol de Mendizorrotza).<\/p>\n<p>La categor\u00eda sub10 est\u00e1 supeditada su celebraci\u00f3n, a como est\u00e9 la normativa vigente.<\/p>\n<p>Os esperamos.<\/p>\n<p>Besarkada handi bat.<\/p>\n<p>&nbsp;<\/p>\n<p>&nbsp;<\/p>\n<a href=\"https:\/\/drive.google.com\/file\/d\/1eatSh4Jn4P_nxuuQ91jLNXsGQkEHjIoF\/view?usp=sharing\" target=\"_self\" class=\"buttons btn_green left\"><span class=\"left\">JUNIOR MASCULINO<\/span><\/a>\n<a href=\"https:\/\/drive.google.com\/file\/d\/1aQwRR9MxW3oykq-24kizMQbLensC02vx\/view?usp=sharing\" target=\"_self\" class=\"buttons btn_green left\"><span class=\"left\">junior femenino<\/span><\/a>\n<a href=\"https:\/\/drive.google.com\/file\/d\/1kxE_L72sFi_f1hn-d-EsYkH-JBc-sC2F\/view?usp=sharing\" target=\"_self\" class=\"buttons btn_green left\"><span class=\"left\">veteranos, (1) +35<\/span><\/a>\n<a href=\"https:\/\/drive.google.com\/file\/d\/1FTB8OHC0aHYH-soUImvwI4s9o6QQt3Gq\/view?usp=sharing\" target=\"_self\" class=\"buttons btn_green left\"><span class=\"left\">veteranos,(3) +35<\/span><\/a>\n<a href=\"https:\/\/drive.google.com\/file\/d\/1ICygdONKB5_pbb5xUidaUkccVUPd5_Fu\/view?usp=sharing\" target=\"_self\" class=\"buttons btn_green left\"><span class=\"left\">VETERANOS (1) +50<\/span><\/a>\n<p>&nbsp;<\/p>\n","protected":false},"excerpt":{"rendered":"<p>Kaixo guztioi, se van a celebrar, entre los d\u00edas, 17 al 25 de abril los Cptos. de \u00c1lava, sub10, junior y veteranos. El cierre de las inscripciones ser\u00e1 el martes d\u00eda 13 a las 13h&#8230;.<\/p>\n","protected":false},"author":5,"featured_media":3019,"comment_status":"closed","ping_status":"closed","sticky":false,"template":"","format":"standard","meta":{"footnotes":""},"categories":[3,5,4],"tags":[],"class_list":["post-3015","post","type-post","status-publish","format-standard","has-post-thumbnail","hentry","category-noticias-de-actualidad","category-la-escuela","category-torneos"],"_links":{"self":[{"href":"http:\/\/www.mendicdtenis.net\/web\/wp-json\/wp\/v2\/posts\/3015","targetHints":{"allow":["GET"]}}],"collection":[{"href":"http:\/\/www.mendicdtenis.net\/web\/wp-json\/wp\/v2\/posts"}],"about":[{"href":"http:\/\/www.mendicdtenis.net\/web\/wp-json\/wp\/v2\/types\/post"}],"author":[{"embeddable":true,"href":"http:\/\/www.mendicdtenis.net\/web\/wp-json\/wp\/v2\/users\/5"}],"replies":[{"embeddable":true,"href":"http:\/\/www.mendicdtenis.net\/web\/wp-json\/wp\/v2\/comments?post=3015"}],"version-history":[{"count":21,"href":"http:\/\/www.mendicdtenis.net\/web\/wp-json\/wp\/v2\/posts\/3015\/revisions"}],"predecessor-version":[{"id":3049,"href":"http:\/\/www.mendicdtenis.net\/web\/wp-json\/wp\/v2\/posts\/3015\/revisions\/3049"}],"wp:featuredmedia":[{"embeddable":true,"href":"http:\/\/www.mendicdtenis.net\/web\/wp-json\/wp\/v2\/media\/3019"}],"wp:attachment":[{"href":"http:\/\/www.mendicdtenis.net\/web\/wp-json\/wp\/v2\/media?parent=3015"}],"wp:term":[{"taxonomy":"category","embeddable":true,"href":"http:\/\/www.mendicdtenis.net\/web\/wp-json\/wp\/v2\/categories?post=3015"},{"taxonomy":"post_tag","embeddable":true,"href":"http:\/\/www.mendicdtenis.net\/web\/wp-json\/wp\/v2\/tags?post=3015"}],"curies":[{"name":"wp","href":"https:\/\/api.w.org\/{rel}","templated":true}]}}