{"id":2867,"date":"2020-08-29T16:18:51","date_gmt":"2020-08-29T16:18:51","guid":{"rendered":"http:\/\/www.mendicdtenis.net\/web\/?p=2867"},"modified":"2020-09-21T19:19:41","modified_gmt":"2020-09-21T19:19:41","slug":"xxxiii-trofeo-de-olarizu-2020","status":"publish","type":"post","link":"http:\/\/www.mendicdtenis.net\/web\/2020\/08\/xxxiii-trofeo-de-olarizu-2020\/","title":{"rendered":"XXXIII TROFEO DE OLARIZU 2020"},"content":{"rendered":"<p>Egun on guztioi, desde el 12 al 20 de septiembre se va a celebrar trigesimotercera edici\u00f3n del TROFEO DE OLARIZU en las Instalaciones de Mendizorrotza de Vitoria-Gasteiz y organizado por el Club.<\/p>\n<p>El cierre de las inscripciones es el martes 8 de septiembre a las 12h y el sorteo el miercoles 9 de septiembre a las 13h en la ADFA sitas en Plaza A.Gcia de Salazar (campo de futbol de Mendi).<\/p>\n<p>Esperamos vuestra presencia y confiamos en que cumplir\u00e9is las medidas sanitarias establecidas.<\/p>\n<p><em><b>NOTA IMPORTANTE: LAS CATEGOR\u00cdAS , SUB10; ALEV\u00cdN e INFANTIL SE JUGAR\u00c1N ENTRE LOS D\u00cdAS , 17 AL 25 DE OCTUBRE.\u00a0<\/b><\/em><\/p>\n<a href=\"https:\/\/drive.google.com\/file\/d\/1ZiuS189nJHpWpQu1p1beJhcqCMnqX8tj\/view?usp=sharing\" target=\"_self\" class=\"buttons btn_green left\"><span class=\"left\">ABSOLUTO MASCULINO<\/span><\/a>\n<a href=\"https:\/\/drive.google.com\/file\/d\/1w_-3va9IN1snhK2WnLzrv1ohwJs8m74m\/view?usp=sharing\" target=\"_self\" class=\"buttons btn_green left\"><span class=\"left\">CADETE FEMENINO<\/span><\/a>\n<a href=\"https:\/\/drive.google.com\/file\/d\/1oLW6ogzoWUE8xGxhOcddIrozKEHxqxCn\/view?usp=sharing\" target=\"_self\" class=\"buttons btn_blue left\"><span class=\"left\">CADETE MASCULINO (AZUL)<\/span><\/a>\n<a href=\"https:\/\/drive.google.com\/file\/d\/1fCoYhhQcf31a6ogb2X6BRLeWyoLW_AGe\/view?usp=sharing\" target=\"_self\" class=\"buttons btn_red left\"><span class=\"left\">CADETE MASCULINO (ROJO)<\/span><\/a>\n<a href=\"https:\/\/drive.google.com\/file\/d\/10ToB34sAQnYWkBJkVXhIUsu6g6__j9Pt\/view?usp=sharing\" target=\"_self\" class=\"buttons btn_green left\"><span class=\"left\">JUNIOR MASCULINO<\/span><\/a>\n<a href=\"https:\/\/drive.google.com\/file\/d\/1u7hLrN274OsX6jKAxhF-WXjLj4Coxors\/view?usp=sharing\" target=\"_self\" class=\"buttons btn_green left\"><span class=\"left\">VETERANOS +45<\/span><\/a>\n<a href=\"https:\/\/drive.google.com\/file\/d\/1hKaCBDZdEBzyN4DeMQAn6KYtt3o4Syy7\/view?usp=sharing\" target=\"_self\" class=\"buttons btn_green left\"><span class=\"left\">fotos<\/span><\/a>\n<p>&nbsp;<\/p>\n","protected":false},"excerpt":{"rendered":"<p>Egun on guztioi, desde el 12 al 20 de septiembre se va a celebrar trigesimotercera edici\u00f3n del TROFEO DE OLARIZU en las Instalaciones de Mendizorrotza de Vitoria-Gasteiz y organizado por el Club. El cierre de&#8230;<\/p>\n","protected":false},"author":5,"featured_media":2870,"comment_status":"closed","ping_status":"closed","sticky":false,"template":"","format":"standard","meta":{"footnotes":""},"categories":[3,5,4],"tags":[],"class_list":["post-2867","post","type-post","status-publish","format-standard","has-post-thumbnail","hentry","category-noticias-de-actualidad","category-la-escuela","category-torneos"],"_links":{"self":[{"href":"http:\/\/www.mendicdtenis.net\/web\/wp-json\/wp\/v2\/posts\/2867","targetHints":{"allow":["GET"]}}],"collection":[{"href":"http:\/\/www.mendicdtenis.net\/web\/wp-json\/wp\/v2\/posts"}],"about":[{"href":"http:\/\/www.mendicdtenis.net\/web\/wp-json\/wp\/v2\/types\/post"}],"author":[{"embeddable":true,"href":"http:\/\/www.mendicdtenis.net\/web\/wp-json\/wp\/v2\/users\/5"}],"replies":[{"embeddable":true,"href":"http:\/\/www.mendicdtenis.net\/web\/wp-json\/wp\/v2\/comments?post=2867"}],"version-history":[{"count":32,"href":"http:\/\/www.mendicdtenis.net\/web\/wp-json\/wp\/v2\/posts\/2867\/revisions"}],"predecessor-version":[{"id":2920,"href":"http:\/\/www.mendicdtenis.net\/web\/wp-json\/wp\/v2\/posts\/2867\/revisions\/2920"}],"wp:featuredmedia":[{"embeddable":true,"href":"http:\/\/www.mendicdtenis.net\/web\/wp-json\/wp\/v2\/media\/2870"}],"wp:attachment":[{"href":"http:\/\/www.mendicdtenis.net\/web\/wp-json\/wp\/v2\/media?parent=2867"}],"wp:term":[{"taxonomy":"category","embeddable":true,"href":"http:\/\/www.mendicdtenis.net\/web\/wp-json\/wp\/v2\/categories?post=2867"},{"taxonomy":"post_tag","embeddable":true,"href":"http:\/\/www.mendicdtenis.net\/web\/wp-json\/wp\/v2\/tags?post=2867"}],"curies":[{"name":"wp","href":"https:\/\/api.w.org\/{rel}","templated":true}]}}