{"id":2804,"date":"2020-06-26T15:41:52","date_gmt":"2020-06-26T15:41:52","guid":{"rendered":"http:\/\/www.mendicdtenis.net\/web\/?p=2804"},"modified":"2020-07-23T15:37:24","modified_gmt":"2020-07-23T15:37:24","slug":"cpto-de-euskadi-infantil-trofeo-manuel-alonso-2020","status":"publish","type":"post","link":"http:\/\/www.mendicdtenis.net\/web\/2020\/06\/cpto-de-euskadi-infantil-trofeo-manuel-alonso-2020\/","title":{"rendered":"CPTO. DE EUSKADI INFANTIL (trofeo Manuel Alonso) 2020"},"content":{"rendered":"<a href=\"https:\/\/drive.google.com\/file\/d\/1qIJbeseerdZnxIpumMJleN1dk4kcgkIr\/view?usp=sharing\" target=\"_self\" class=\"buttons btn_green left\"><span class=\"left\">cuadro infantil femenino<\/span><\/a>\n<a href=\"https:\/\/drive.google.com\/file\/d\/1m0LO01-z9iWKZphRSgJvdUYZaweduqoP\/view?usp=sharing\" target=\"_self\" class=\"buttons btn_green left\"><span class=\"left\">cuadro infantil masculino<\/span><\/a>\n<p>&nbsp;<\/p>\n<p>&nbsp;<\/p>\n<p>&nbsp;<\/p>\n<p>&nbsp;<\/p>\n<p>&nbsp;<\/p>\n<p>&nbsp;<\/p>\n<p>A partir del 18 de Julio y hasta el 26 de Julio, se va a celebrar en las Instalaciones Municipales de Mendizorrotza, el citado Campeonato.<\/p>\n<p>A parte de lo que se\u00f1ala el cartel, quiero recordaos lo siguiente:<\/p>\n<ul>\n<li>Se jugar\u00e1 en pistas descubiertas. Encaso de inclemencias meteorol\u00f3gicas o por necesidades de la Organizaci\u00f3n, se jugar\u00e1 en pistas cubiertas.<\/li>\n<li>No se modificar\u00e1 ning\u00fan horario una vez emitido el O.J.<\/li>\n<li>Los partidos dar\u00e1n comienzo a las 9.30h.<\/li>\n<li>el calentamiento del partido ser\u00e1 de cinco minutos.<\/li>\n<li>Solo podr\u00e1 acompa\u00f1ar al jugador\/a UNA SOLA PERSONA.<\/li>\n<li>El jugador\/a se presentar\u00e1 1\/4 de hora antes de la hora se\u00f1alada y abandonar\u00e1 la instalaci\u00f3n inmediatamente despu\u00e9s de terminar su partido.<\/li>\n<li>S\u00cd, HAY DUCHAS.<\/li>\n<li>CUMPLIR\u00c1 CON EL PROTOCOLO DEL TORNEO.<\/li>\n<\/ul>\n<p>Espero que disfrut\u00e9is<\/p>\n","protected":false},"excerpt":{"rendered":"<p>&nbsp; &nbsp; &nbsp; &nbsp; &nbsp; &nbsp; A partir del 18 de Julio y hasta el 26 de Julio, se va a celebrar en las Instalaciones Municipales de Mendizorrotza, el citado Campeonato. A parte de lo&#8230;<\/p>\n","protected":false},"author":5,"featured_media":2807,"comment_status":"closed","ping_status":"closed","sticky":false,"template":"","format":"standard","meta":{"footnotes":""},"categories":[3,5,4],"tags":[],"class_list":["post-2804","post","type-post","status-publish","format-standard","has-post-thumbnail","hentry","category-noticias-de-actualidad","category-la-escuela","category-torneos"],"_links":{"self":[{"href":"http:\/\/www.mendicdtenis.net\/web\/wp-json\/wp\/v2\/posts\/2804","targetHints":{"allow":["GET"]}}],"collection":[{"href":"http:\/\/www.mendicdtenis.net\/web\/wp-json\/wp\/v2\/posts"}],"about":[{"href":"http:\/\/www.mendicdtenis.net\/web\/wp-json\/wp\/v2\/types\/post"}],"author":[{"embeddable":true,"href":"http:\/\/www.mendicdtenis.net\/web\/wp-json\/wp\/v2\/users\/5"}],"replies":[{"embeddable":true,"href":"http:\/\/www.mendicdtenis.net\/web\/wp-json\/wp\/v2\/comments?post=2804"}],"version-history":[{"count":16,"href":"http:\/\/www.mendicdtenis.net\/web\/wp-json\/wp\/v2\/posts\/2804\/revisions"}],"predecessor-version":[{"id":2833,"href":"http:\/\/www.mendicdtenis.net\/web\/wp-json\/wp\/v2\/posts\/2804\/revisions\/2833"}],"wp:featuredmedia":[{"embeddable":true,"href":"http:\/\/www.mendicdtenis.net\/web\/wp-json\/wp\/v2\/media\/2807"}],"wp:attachment":[{"href":"http:\/\/www.mendicdtenis.net\/web\/wp-json\/wp\/v2\/media?parent=2804"}],"wp:term":[{"taxonomy":"category","embeddable":true,"href":"http:\/\/www.mendicdtenis.net\/web\/wp-json\/wp\/v2\/categories?post=2804"},{"taxonomy":"post_tag","embeddable":true,"href":"http:\/\/www.mendicdtenis.net\/web\/wp-json\/wp\/v2\/tags?post=2804"}],"curies":[{"name":"wp","href":"https:\/\/api.w.org\/{rel}","templated":true}]}}