{"id":2591,"date":"2020-01-27T09:27:46","date_gmt":"2020-01-27T09:27:46","guid":{"rendered":"http:\/\/www.mendicdtenis.net\/web\/?p=2591"},"modified":"2020-02-16T14:51:36","modified_gmt":"2020-02-16T14:51:36","slug":"campeonatos-de-alava-2020-sub10-cadete-y-absoluto-1-3","status":"publish","type":"post","link":"http:\/\/www.mendicdtenis.net\/web\/2020\/01\/campeonatos-de-alava-2020-sub10-cadete-y-absoluto-1-3\/","title":{"rendered":"CAMPEONATOS DE \u00c1LAVA 2020 (sub10, cadete y absoluto (1-3)"},"content":{"rendered":"<p>Egun on guztioi, del 8 al 16 de Febrero se van a celebrar en las Instalaciones de Mendizorrotza los Campeonatos de \u00c1lava 2020 en las categor\u00edas, sub10, cadete y absoluto, masculino y femenino.<\/p>\n<p>El cierre de las inscripciones ser\u00e1n a las 12h del martes d\u00eda 4 de febrero y el sorteo se celebrar\u00e1 a las 19h, en los locales de la ADFA, sitas en el campo de f\u00fatbol de Mendizorrotza .Como siempre, os esperamos para una buenas jornadas de tenis.<\/p>\n<p>Besarkada handi bat.<\/p>\n<a href=\"https:\/\/forms.gle\/mFnB68BrTWKHYgxGA\" target=\"_self\" class=\"buttons btn_green left\"><span class=\"left\">hoja de inscripci\u00f3n<\/span><\/a>\n<a href=\"http:\/\/eepurl.com\/gQS6YL\" target=\"_self\" class=\"buttons btn_blue left\"><span class=\"left\">solicitar pase de acceso a las instalaciones<\/span><\/a>\n<a href=\"https:\/\/drive.google.com\/open?id=1zZ7NEF4d86Icmo_mGTJbJMrm1-3ExxpF\" target=\"_self\" class=\"buttons btn_green left\"><span class=\"left\">hoja anexa<\/span><\/a>\n<a href=\"https:\/\/docs.google.com\/spreadsheets\/d\/1J795svAipuO0XU1d-GX6L5DreqYokziFjL6eETlsYTw\/edit?usp=sharing\" target=\"_self\" class=\"buttons btn_green left\"><span class=\"left\">lista admitidos <\/span><\/a>\n<a href=\"https:\/\/drive.google.com\/open?id=1gwy25-Z27-9b2Jy-Bdgk4qAajcYC0Bcp\" target=\"_self\" class=\"buttons btn_green left\"><span class=\"left\">sub10 masculino<\/span><\/a>\n<a href=\"https:\/\/drive.google.com\/open?id=1i63bsiVHaRAkO6Z5g3jgZLVaTKBWXGN5\" target=\"_self\" class=\"buttons btn_green left\"><span class=\"left\">cadete masculino<\/span><\/a>\n<a href=\"https:\/\/drive.google.com\/open?id=1CkYuL5KKGB9F79i2fGXyXZ92jMkgI86z\" target=\"_self\" class=\"buttons btn_green left\"><span class=\"left\">cadete femenino<\/span><\/a>\n<a href=\"https:\/\/drive.google.com\/open?id=1m13-4ls4JfMANAPb7agLAYP4-q7tjYO2\" target=\"_self\" class=\"buttons btn_green left\"><span class=\"left\">absoluto mas<\/span><\/a>\n<p>&nbsp;<\/p>\n<p>&nbsp;<\/p>\n","protected":false},"excerpt":{"rendered":"<p>Egun on guztioi, del 8 al 16 de Febrero se van a celebrar en las Instalaciones de Mendizorrotza los Campeonatos de \u00c1lava 2020 en las categor\u00edas, sub10, cadete y absoluto, masculino y femenino. El cierre&#8230;<\/p>\n","protected":false},"author":5,"featured_media":2592,"comment_status":"closed","ping_status":"closed","sticky":false,"template":"","format":"standard","meta":{"footnotes":""},"categories":[3,5,4],"tags":[],"class_list":["post-2591","post","type-post","status-publish","format-standard","has-post-thumbnail","hentry","category-noticias-de-actualidad","category-la-escuela","category-torneos"],"_links":{"self":[{"href":"http:\/\/www.mendicdtenis.net\/web\/wp-json\/wp\/v2\/posts\/2591","targetHints":{"allow":["GET"]}}],"collection":[{"href":"http:\/\/www.mendicdtenis.net\/web\/wp-json\/wp\/v2\/posts"}],"about":[{"href":"http:\/\/www.mendicdtenis.net\/web\/wp-json\/wp\/v2\/types\/post"}],"author":[{"embeddable":true,"href":"http:\/\/www.mendicdtenis.net\/web\/wp-json\/wp\/v2\/users\/5"}],"replies":[{"embeddable":true,"href":"http:\/\/www.mendicdtenis.net\/web\/wp-json\/wp\/v2\/comments?post=2591"}],"version-history":[{"count":26,"href":"http:\/\/www.mendicdtenis.net\/web\/wp-json\/wp\/v2\/posts\/2591\/revisions"}],"predecessor-version":[{"id":2677,"href":"http:\/\/www.mendicdtenis.net\/web\/wp-json\/wp\/v2\/posts\/2591\/revisions\/2677"}],"wp:featuredmedia":[{"embeddable":true,"href":"http:\/\/www.mendicdtenis.net\/web\/wp-json\/wp\/v2\/media\/2592"}],"wp:attachment":[{"href":"http:\/\/www.mendicdtenis.net\/web\/wp-json\/wp\/v2\/media?parent=2591"}],"wp:term":[{"taxonomy":"category","embeddable":true,"href":"http:\/\/www.mendicdtenis.net\/web\/wp-json\/wp\/v2\/categories?post=2591"},{"taxonomy":"post_tag","embeddable":true,"href":"http:\/\/www.mendicdtenis.net\/web\/wp-json\/wp\/v2\/tags?post=2591"}],"curies":[{"name":"wp","href":"https:\/\/api.w.org\/{rel}","templated":true}]}}