{"id":2521,"date":"2019-11-05T20:42:07","date_gmt":"2019-11-05T20:42:07","guid":{"rendered":"http:\/\/www.mendicdtenis.net\/web\/?p=2521"},"modified":"2019-11-12T16:47:15","modified_gmt":"2019-11-12T16:47:15","slug":"master-de-alava-2019sub10-infantil-y-junior","status":"publish","type":"post","link":"http:\/\/www.mendicdtenis.net\/web\/2019\/11\/master-de-alava-2019sub10-infantil-y-junior\/","title":{"rendered":"M\u00c1STER DE \u00c1LAVA 2019(sub10; infantil y junior)"},"content":{"rendered":"<p>Arratsalde on guztioi, a partir del s\u00e1bado 9 y hasta el 17 el presente mes, se van a celebrar en las Instalaciones de Mendizorrotza y Organizadas por nuestro Club, el M\u00e1ster de \u00c1lava 2019 en las categor\u00edas, sub10; infantil y junior, masculino y femenino.<\/p>\n<p>Esperamos que disfrut\u00e9is del mejor tenis de la provincia.<\/p>\n<a href=\"https:\/\/docs.google.com\/spreadsheets\/d\/1D6pEnwPQg9XN1A5l9aEc8-BPXUI8LQdXZHkqEETG7w0\/edit?usp=sharing\" target=\"_self\" class=\"buttons btn_green left\"><span class=\"left\">lista admitidos <\/span><\/a>\n<a href=\"https:\/\/docs.google.com\/spreadsheets\/d\/1WjDPwkUQdP-E90u4Mxg7NKNlxaNrGqPTgQCjcjeCC40\/edit?usp=sharing\" target=\"_self\" class=\"buttons btn_green left\"><span class=\"left\">orden de juego del 15, 16 y 17<\/span><\/a>\n<a href=\"https:\/\/drive.google.com\/open?id=1acNzz9YmUxmWmnZp2gS-w1JfbLWmrJnu\" target=\"_self\" class=\"buttons btn_green left\"><span class=\"left\">infantil femenino<\/span><\/a>\n<a href=\"https:\/\/drive.google.com\/open?id=1lZr5fmTAxAWqYxu1BDUqdw3wr0Rnz5TM\" target=\"_self\" class=\"buttons btn_green left\"><span class=\"left\">infantil masculino<\/span><\/a>\n<a href=\"https:\/\/drive.google.com\/open?id=1_bjmchsuiDKFI65UhPXNf5KTMt08govs\" target=\"_self\" class=\"buttons btn_green left\"><span class=\"left\">junior masculino<\/span><\/a>\n<a href=\"https:\/\/drive.google.com\/open?id=1vac7wliL5fzMY0gA00OIq0DymV6Dc8CN\" target=\"_self\" class=\"buttons btn_green left\"><span class=\"left\">sub10 masculino<\/span><\/a>\n<p>&nbsp;<\/p>\n<p>&nbsp;<\/p>\n<p>&nbsp;<\/p>\n<p>&nbsp;<\/p>\n<p>&nbsp;<\/p>\n","protected":false},"excerpt":{"rendered":"<p>Arratsalde on guztioi, a partir del s\u00e1bado 9 y hasta el 17 el presente mes, se van a celebrar en las Instalaciones de Mendizorrotza y Organizadas por nuestro Club, el M\u00e1ster de \u00c1lava 2019 en&#8230;<\/p>\n","protected":false},"author":5,"featured_media":2482,"comment_status":"closed","ping_status":"closed","sticky":false,"template":"","format":"standard","meta":{"footnotes":""},"categories":[5,4],"tags":[],"class_list":["post-2521","post","type-post","status-publish","format-standard","has-post-thumbnail","hentry","category-la-escuela","category-torneos"],"_links":{"self":[{"href":"http:\/\/www.mendicdtenis.net\/web\/wp-json\/wp\/v2\/posts\/2521","targetHints":{"allow":["GET"]}}],"collection":[{"href":"http:\/\/www.mendicdtenis.net\/web\/wp-json\/wp\/v2\/posts"}],"about":[{"href":"http:\/\/www.mendicdtenis.net\/web\/wp-json\/wp\/v2\/types\/post"}],"author":[{"embeddable":true,"href":"http:\/\/www.mendicdtenis.net\/web\/wp-json\/wp\/v2\/users\/5"}],"replies":[{"embeddable":true,"href":"http:\/\/www.mendicdtenis.net\/web\/wp-json\/wp\/v2\/comments?post=2521"}],"version-history":[{"count":6,"href":"http:\/\/www.mendicdtenis.net\/web\/wp-json\/wp\/v2\/posts\/2521\/revisions"}],"predecessor-version":[{"id":2527,"href":"http:\/\/www.mendicdtenis.net\/web\/wp-json\/wp\/v2\/posts\/2521\/revisions\/2527"}],"wp:featuredmedia":[{"embeddable":true,"href":"http:\/\/www.mendicdtenis.net\/web\/wp-json\/wp\/v2\/media\/2482"}],"wp:attachment":[{"href":"http:\/\/www.mendicdtenis.net\/web\/wp-json\/wp\/v2\/media?parent=2521"}],"wp:term":[{"taxonomy":"category","embeddable":true,"href":"http:\/\/www.mendicdtenis.net\/web\/wp-json\/wp\/v2\/categories?post=2521"},{"taxonomy":"post_tag","embeddable":true,"href":"http:\/\/www.mendicdtenis.net\/web\/wp-json\/wp\/v2\/tags?post=2521"}],"curies":[{"name":"wp","href":"https:\/\/api.w.org\/{rel}","templated":true}]}}