{"id":2307,"date":"2019-02-19T21:48:34","date_gmt":"2019-02-19T21:48:34","guid":{"rendered":"http:\/\/www.mendicdtenis.net\/web\/?p=2307"},"modified":"2019-02-19T21:48:34","modified_gmt":"2019-02-19T21:48:34","slug":"la-federacion-vasca-de-tenis-hizo-entrega-de-los-premios-del-ano-2018","status":"publish","type":"post","link":"http:\/\/www.mendicdtenis.net\/web\/2019\/02\/la-federacion-vasca-de-tenis-hizo-entrega-de-los-premios-del-ano-2018\/","title":{"rendered":"La Federaci\u00f3n Vasca de Tenis hizo entrega de los premios del a\u00f1o 2018"},"content":{"rendered":"<p>La Federaci\u00f3n Vasca de Tenis\u00a0celebr\u00f3 su gala anual.<\/p>\n<a href=\"http:\/\/www.mendicdtenis.net\/web\/wp-content\/uploads\/2019\/02\/Viernes-15-de-febrero-de-2019.pdf\" class=\"pdfemb-viewer\" style=\"\" data-width=\"max\" data-height=\"max\" data-toolbar=\"both\" data-toolbar-fixed=\"off\">Viernes 15 de febrero de 2019<\/a>\n","protected":false},"excerpt":{"rendered":"<p>La Federaci\u00f3n Vasca de Tenis\u00a0celebr\u00f3 su gala anual.<\/p>\n","protected":false},"author":6,"featured_media":2308,"comment_status":"closed","ping_status":"closed","sticky":false,"template":"","format":"standard","meta":{"footnotes":""},"categories":[16],"tags":[],"class_list":["post-2307","post","type-post","status-publish","format-standard","has-post-thumbnail","hentry","category-sin-categoria-es"],"_links":{"self":[{"href":"http:\/\/www.mendicdtenis.net\/web\/wp-json\/wp\/v2\/posts\/2307","targetHints":{"allow":["GET"]}}],"collection":[{"href":"http:\/\/www.mendicdtenis.net\/web\/wp-json\/wp\/v2\/posts"}],"about":[{"href":"http:\/\/www.mendicdtenis.net\/web\/wp-json\/wp\/v2\/types\/post"}],"author":[{"embeddable":true,"href":"http:\/\/www.mendicdtenis.net\/web\/wp-json\/wp\/v2\/users\/6"}],"replies":[{"embeddable":true,"href":"http:\/\/www.mendicdtenis.net\/web\/wp-json\/wp\/v2\/comments?post=2307"}],"version-history":[{"count":1,"href":"http:\/\/www.mendicdtenis.net\/web\/wp-json\/wp\/v2\/posts\/2307\/revisions"}],"predecessor-version":[{"id":2310,"href":"http:\/\/www.mendicdtenis.net\/web\/wp-json\/wp\/v2\/posts\/2307\/revisions\/2310"}],"wp:featuredmedia":[{"embeddable":true,"href":"http:\/\/www.mendicdtenis.net\/web\/wp-json\/wp\/v2\/media\/2308"}],"wp:attachment":[{"href":"http:\/\/www.mendicdtenis.net\/web\/wp-json\/wp\/v2\/media?parent=2307"}],"wp:term":[{"taxonomy":"category","embeddable":true,"href":"http:\/\/www.mendicdtenis.net\/web\/wp-json\/wp\/v2\/categories?post=2307"},{"taxonomy":"post_tag","embeddable":true,"href":"http:\/\/www.mendicdtenis.net\/web\/wp-json\/wp\/v2\/tags?post=2307"}],"curies":[{"name":"wp","href":"https:\/\/api.w.org\/{rel}","templated":true}]}}