{"id":2001,"date":"2018-04-23T21:06:16","date_gmt":"2018-04-23T21:06:16","guid":{"rendered":"http:\/\/www.mendicdtenis.net\/web\/?p=2001"},"modified":"2018-04-30T16:07:18","modified_gmt":"2018-04-30T16:07:18","slug":"pablo-riva-campeon-de-euskadi-cadete","status":"publish","type":"post","link":"http:\/\/www.mendicdtenis.net\/web\/2018\/04\/pablo-riva-campeon-de-euskadi-cadete\/","title":{"rendered":"Pablo Riva, campe\u00f3n de Euskadi cadete."},"content":{"rendered":"<p>Pablo Riva, campe\u00f3n de Euskadi cadete. Se ha proclamado \u00e9sta medio d\u00eda en las pistas de la Pe\u00f1a Vitoriana, T.C. Pablo ha ganado a Markel Garaygordobil por: 60, 2-6, 6-1.(ver v\u00eddeo y fotos)<\/p>\n<p style=\"text-align: center;\"><a href=\"http:\/\/www.mendicdtenis.net\/web\/wp-content\/uploads\/2018\/04\/IMG-20180422-WA0001.jpg\"><img loading=\"lazy\" decoding=\"async\" class=\"aligncenter wp-image-2005 size-large\" src=\"http:\/\/www.mendicdtenis.net\/web\/wp-content\/uploads\/2018\/04\/IMG-20180422-WA0001-1024x576.jpg\" alt=\"\" width=\"1024\" height=\"576\" srcset=\"http:\/\/www.mendicdtenis.net\/web\/wp-content\/uploads\/2018\/04\/IMG-20180422-WA0001.jpg 1024w, http:\/\/www.mendicdtenis.net\/web\/wp-content\/uploads\/2018\/04\/IMG-20180422-WA0001-300x169.jpg 300w, http:\/\/www.mendicdtenis.net\/web\/wp-content\/uploads\/2018\/04\/IMG-20180422-WA0001-768x432.jpg 768w, http:\/\/www.mendicdtenis.net\/web\/wp-content\/uploads\/2018\/04\/IMG-20180422-WA0001-777x437.jpg 777w, http:\/\/www.mendicdtenis.net\/web\/wp-content\/uploads\/2018\/04\/IMG-20180422-WA0001-260x146.jpg 260w, http:\/\/www.mendicdtenis.net\/web\/wp-content\/uploads\/2018\/04\/IMG-20180422-WA0001-120x67.jpg 120w\" sizes=\"auto, (max-width: 1024px) 100vw, 1024px\" \/><\/a><\/p>\n<p><iframe loading=\"lazy\" title=\"pablo riva campeon euskadi cadete 2018\" width=\"500\" height=\"281\" src=\"https:\/\/www.youtube.com\/embed\/pWAbcBXbiv0?feature=oembed\" frameborder=\"0\" allow=\"accelerometer; autoplay; clipboard-write; encrypted-media; gyroscope; picture-in-picture; web-share\" referrerpolicy=\"strict-origin-when-cross-origin\" allowfullscreen><\/iframe><\/p>\n<p>&nbsp;<\/p>\n","protected":false},"excerpt":{"rendered":"<p>Pablo Riva, campe\u00f3n de Euskadi cadete. Se ha proclamado \u00e9sta medio d\u00eda en las pistas de la Pe\u00f1a Vitoriana, T.C. Pablo ha ganado a Markel Garaygordobil por: 60, 2-6, 6-1.(ver v\u00eddeo y fotos) &nbsp;<\/p>\n","protected":false},"author":6,"featured_media":2004,"comment_status":"closed","ping_status":"closed","sticky":false,"template":"","format":"standard","meta":{"footnotes":""},"categories":[16],"tags":[],"class_list":["post-2001","post","type-post","status-publish","format-standard","has-post-thumbnail","hentry","category-sin-categoria-es"],"_links":{"self":[{"href":"http:\/\/www.mendicdtenis.net\/web\/wp-json\/wp\/v2\/posts\/2001","targetHints":{"allow":["GET"]}}],"collection":[{"href":"http:\/\/www.mendicdtenis.net\/web\/wp-json\/wp\/v2\/posts"}],"about":[{"href":"http:\/\/www.mendicdtenis.net\/web\/wp-json\/wp\/v2\/types\/post"}],"author":[{"embeddable":true,"href":"http:\/\/www.mendicdtenis.net\/web\/wp-json\/wp\/v2\/users\/6"}],"replies":[{"embeddable":true,"href":"http:\/\/www.mendicdtenis.net\/web\/wp-json\/wp\/v2\/comments?post=2001"}],"version-history":[{"count":6,"href":"http:\/\/www.mendicdtenis.net\/web\/wp-json\/wp\/v2\/posts\/2001\/revisions"}],"predecessor-version":[{"id":2031,"href":"http:\/\/www.mendicdtenis.net\/web\/wp-json\/wp\/v2\/posts\/2001\/revisions\/2031"}],"wp:featuredmedia":[{"embeddable":true,"href":"http:\/\/www.mendicdtenis.net\/web\/wp-json\/wp\/v2\/media\/2004"}],"wp:attachment":[{"href":"http:\/\/www.mendicdtenis.net\/web\/wp-json\/wp\/v2\/media?parent=2001"}],"wp:term":[{"taxonomy":"category","embeddable":true,"href":"http:\/\/www.mendicdtenis.net\/web\/wp-json\/wp\/v2\/categories?post=2001"},{"taxonomy":"post_tag","embeddable":true,"href":"http:\/\/www.mendicdtenis.net\/web\/wp-json\/wp\/v2\/tags?post=2001"}],"curies":[{"name":"wp","href":"https:\/\/api.w.org\/{rel}","templated":true}]}}