{"id":1981,"date":"2018-04-03T16:01:11","date_gmt":"2018-04-03T16:01:11","guid":{"rendered":"http:\/\/www.mendicdtenis.net\/web\/?p=1981"},"modified":"2018-04-23T18:54:58","modified_gmt":"2018-04-23T18:54:58","slug":"vi-trofeo-san-prudencio-femenino-2018","status":"publish","type":"post","link":"http:\/\/www.mendicdtenis.net\/web\/2018\/04\/vi-trofeo-san-prudencio-femenino-2018\/","title":{"rendered":"VI TROFEO SAN PRUDENCIO FEMENINO 2018"},"content":{"rendered":"<p>Entre los d\u00edas, 21 al 28 de abril se disputar\u00e1 dicho evento. La pruebas son: sub10, alev\u00edn (escolares) y absoluto (\u00e9ste con 600\u20ac en premios).<\/p>\n<p>El cierre de las inscripciones ser\u00e1 el martes 17 a las 20h y el sorteo el mi\u00e9rcoles 18 a las 19h en el club.<\/p>\n<a href=\"https:\/\/docs.google.com\/forms\/d\/e\/1FAIpQLSdlLiZIA_A70Q3ceCGJ6dT23nQM1wIdB17yTPcAUG-BDZFm_Q\/viewform\" target=\"_self\" class=\"buttons btn_green left\"><span class=\"left\">hoja de inscripci\u00f3n<\/span><\/a>\n<a href=\"https:\/\/drive.google.com\/open?id=0B3EFxhj5pdsvSG5NejRDWmJLdGs\" target=\"_self\" class=\"buttons btn_green left\"><span class=\"left\">hoja anexa<\/span><\/a>\n<a href=\"https:\/\/docs.google.com\/spreadsheets\/d\/1tMznuZBiZFdtz_LtGtR-6iQaZigMkCTNNDuCXvoh2KQ\/edit?usp=sharing\" target=\"_self\" class=\"buttons btn_green left\"><span class=\"left\">lista de admitidos<\/span><\/a>\n<a href=\"https:\/\/drive.google.com\/file\/d\/12zu1SDrSZDcC8-NWMsYgqLoSyMUuokj4\/view?usp=sharing\" target=\"_self\" class=\"buttons btn_green left\"><span class=\"left\">\u00abcuadro sub10 (3)\u00bb<\/span><\/a>\n<a href=\"https:\/\/drive.google.com\/file\/d\/1UhX0dcKzSuiQRcm7IPhAtUSF_NxO3pzo\/view?usp=sharing\" target=\"_self\" class=\"buttons btn_green left\"><span class=\"left\">\u00abcuadro\u00bb absoluto (3)<\/span><\/a>\n<a href=\"https:\/\/docs.google.com\/spreadsheets\/d\/1RFjVVoc9F9zZ2OawRebk7YZGx3OCbsq9eZNSd00LQAY\/edit?usp=sharing\" target=\"_self\" class=\"buttons btn_green left\"><span class=\"left\">orden de juego del 21 al 28 de abril<\/span><\/a>\n<p>&nbsp;<\/p>\n<p>&nbsp;<\/p>\n<p>&nbsp;<\/p>\n<p>&nbsp;<\/p>\n<p>&nbsp;<\/p>\n<p>&nbsp;<\/p>\n<p>&nbsp;<\/p>\n","protected":false},"excerpt":{"rendered":"<p>Entre los d\u00edas, 21 al 28 de abril se disputar\u00e1 dicho evento. La pruebas son: sub10, alev\u00edn (escolares) y absoluto (\u00e9ste con 600\u20ac en premios). El cierre de las inscripciones ser\u00e1 el martes 17 a&#8230;<\/p>\n","protected":false},"author":5,"featured_media":1986,"comment_status":"closed","ping_status":"closed","sticky":false,"template":"","format":"standard","meta":{"footnotes":""},"categories":[3,5,4],"tags":[],"class_list":["post-1981","post","type-post","status-publish","format-standard","has-post-thumbnail","hentry","category-noticias-de-actualidad","category-la-escuela","category-torneos"],"_links":{"self":[{"href":"http:\/\/www.mendicdtenis.net\/web\/wp-json\/wp\/v2\/posts\/1981","targetHints":{"allow":["GET"]}}],"collection":[{"href":"http:\/\/www.mendicdtenis.net\/web\/wp-json\/wp\/v2\/posts"}],"about":[{"href":"http:\/\/www.mendicdtenis.net\/web\/wp-json\/wp\/v2\/types\/post"}],"author":[{"embeddable":true,"href":"http:\/\/www.mendicdtenis.net\/web\/wp-json\/wp\/v2\/users\/5"}],"replies":[{"embeddable":true,"href":"http:\/\/www.mendicdtenis.net\/web\/wp-json\/wp\/v2\/comments?post=1981"}],"version-history":[{"count":15,"href":"http:\/\/www.mendicdtenis.net\/web\/wp-json\/wp\/v2\/posts\/1981\/revisions"}],"predecessor-version":[{"id":1999,"href":"http:\/\/www.mendicdtenis.net\/web\/wp-json\/wp\/v2\/posts\/1981\/revisions\/1999"}],"wp:featuredmedia":[{"embeddable":true,"href":"http:\/\/www.mendicdtenis.net\/web\/wp-json\/wp\/v2\/media\/1986"}],"wp:attachment":[{"href":"http:\/\/www.mendicdtenis.net\/web\/wp-json\/wp\/v2\/media?parent=1981"}],"wp:term":[{"taxonomy":"category","embeddable":true,"href":"http:\/\/www.mendicdtenis.net\/web\/wp-json\/wp\/v2\/categories?post=1981"},{"taxonomy":"post_tag","embeddable":true,"href":"http:\/\/www.mendicdtenis.net\/web\/wp-json\/wp\/v2\/tags?post=1981"}],"curies":[{"name":"wp","href":"https:\/\/api.w.org\/{rel}","templated":true}]}}