{"id":1557,"date":"2017-06-29T15:32:17","date_gmt":"2017-06-29T15:32:17","guid":{"rendered":"http:\/\/www.mendicdtenis.net\/web\/?p=1557"},"modified":"2017-07-20T18:50:07","modified_gmt":"2017-07-20T18:50:07","slug":"xxxii-open-nacional-de-mendi1-y-xxxiii-nacional-virgen-blanca32017","status":"publish","type":"post","link":"http:\/\/www.mendicdtenis.net\/web\/2017\/06\/xxxii-open-nacional-de-mendi1-y-xxxiii-nacional-virgen-blanca32017\/","title":{"rendered":"XXXII Open Nacional de Mendi(1) y XXXIII Nacional Virgen Blanca(3)absolutos2017"},"content":{"rendered":"<p>Entre los d\u00edas 15 y 23 de Julio, se van a celebrar en las Instalaciones de Mendizorrotza de Vitoria-Gasteiz los torneos absolutos de tenis mencionados.<\/p>\n<p>La fecha de las inscripciones terminan el martes d\u00eda 11 de julio a las 20h. y el sorteo ser\u00e1 el mi\u00e9rcoles d\u00eda 12 de Julio a las 13h en la A.D.F.A., sita en el campo de f\u00fatbol de Mendizorrotza.<\/p>\n<p>Hacer clic en los carteles para agrandarlos.<\/p>\n<p><a href=\"http:\/\/www.mendicdtenis.net\/web\/wp-content\/uploads\/2017\/06\/Cartel-XXXII-Open-Nacional-de-Mendi-2017.jpg\"><img loading=\"lazy\" decoding=\"async\" class=\"size-medium wp-image-1573 aligncenter\" src=\"http:\/\/www.mendicdtenis.net\/web\/wp-content\/uploads\/2017\/06\/Cartel-XXXII-Open-Nacional-de-Mendi-2017-300x225.jpg\" alt=\"\" width=\"300\" height=\"225\" srcset=\"http:\/\/www.mendicdtenis.net\/web\/wp-content\/uploads\/2017\/06\/Cartel-XXXII-Open-Nacional-de-Mendi-2017-300x225.jpg 300w, http:\/\/www.mendicdtenis.net\/web\/wp-content\/uploads\/2017\/06\/Cartel-XXXII-Open-Nacional-de-Mendi-2017-768x576.jpg 768w, http:\/\/www.mendicdtenis.net\/web\/wp-content\/uploads\/2017\/06\/Cartel-XXXII-Open-Nacional-de-Mendi-2017.jpg 960w\" sizes=\"auto, (max-width: 300px) 100vw, 300px\" \/><\/a> <a href=\"http:\/\/www.mendicdtenis.net\/web\/wp-content\/uploads\/2017\/06\/Cartel-XXXIII-Nacional-Virgen-Blanca-2017.jpg\"><img loading=\"lazy\" decoding=\"async\" class=\"size-medium wp-image-1574 aligncenter\" src=\"http:\/\/www.mendicdtenis.net\/web\/wp-content\/uploads\/2017\/06\/Cartel-XXXIII-Nacional-Virgen-Blanca-2017-300x225.jpg\" alt=\"\" width=\"300\" height=\"225\" srcset=\"http:\/\/www.mendicdtenis.net\/web\/wp-content\/uploads\/2017\/06\/Cartel-XXXIII-Nacional-Virgen-Blanca-2017-300x225.jpg 300w, http:\/\/www.mendicdtenis.net\/web\/wp-content\/uploads\/2017\/06\/Cartel-XXXIII-Nacional-Virgen-Blanca-2017-768x576.jpg 768w, http:\/\/www.mendicdtenis.net\/web\/wp-content\/uploads\/2017\/06\/Cartel-XXXIII-Nacional-Virgen-Blanca-2017.jpg 960w\" sizes=\"auto, (max-width: 300px) 100vw, 300px\" \/><\/a><\/p>\n<a href=\"https:\/\/docs.google.com\/forms\/d\/e\/1FAIpQLSfBUS00BnWfPR8p2Hcnn0AJOf9-PyLF91EKzJqukbdMhRiPhQ\/viewform\" target=\"_self\" class=\"buttons btn_green left\"><span class=\"left\">hoja inscripci\u00f3n N.Virgen Blanca (abs fem)<\/span><\/a>\n<a href=\"https:\/\/drive.google.com\/file\/d\/0B3EFxhj5pdsvRWNMeWF3bGhIaGs\/view?usp=sharing\" target=\"_self\" class=\"buttons btn_green left\"><span class=\"left\">Bases del Torneo<\/span><\/a>\n<a href=\"https:\/\/docs.google.com\/forms\/d\/e\/1FAIpQLSfF5ioMzAz1Od1_tT-XmSwZUDpo4EQGeOqG-sy3ZfAMEHy66w\/viewform\" target=\"_self\" class=\"buttons btn_green left\"><span class=\"left\">hoja inscripci\u00f3n Open N. de Mendi (abs mas)<\/span><\/a>\n<a href=\"https:\/\/docs.google.com\/spreadsheets\/d\/1DypC7MLPrplXb-4rJgsFVINP-rZXPh9hGaTuW1EAT10\/edit?usp=sharing\" target=\"_self\" class=\"buttons btn_green left\"><span class=\"left\">listas de admitidos<\/span><\/a>\n<a href=\"https:\/\/docs.google.com\/spreadsheets\/d\/1kf_-XtH7BKkLQ_RFfMXZKHcXz-RzEj250VIbZSLnPU8\/edit?usp=sharing\" target=\"_self\" class=\"buttons btn_green left\"><span class=\"left\">\u00abcuadros Open y Virgen 2017<\/span><\/a>\n<a href=\"https:\/\/docs.google.com\/spreadsheets\/d\/1WoZtN7uqW0eeZ59OSd4rm-CGFMPxTp0HXXEpvc0EQtc\/edit?usp=sharing\" target=\"_self\" class=\"buttons btn_green left\"><span class=\"left\">orden de juego, viernes 21<\/span><\/a>\n<p>&nbsp;<\/p>\n<p>&nbsp;<\/p>\n<p>&nbsp;<\/p>\n<p>&nbsp;<\/p>\n<p>&nbsp;<\/p>\n<p>&nbsp;<\/p>\n<p>&nbsp;<\/p>\n<p>&nbsp;<\/p>\n<p>&nbsp;<\/p>\n<p>&nbsp;<\/p>\n","protected":false},"excerpt":{"rendered":"<p>Entre los d\u00edas 15 y 23 de Julio, se van a celebrar en las Instalaciones de Mendizorrotza de Vitoria-Gasteiz los torneos absolutos de tenis mencionados. La fecha de las inscripciones terminan el martes d\u00eda 11&#8230;<\/p>\n","protected":false},"author":5,"featured_media":1571,"comment_status":"closed","ping_status":"closed","sticky":false,"template":"","format":"standard","meta":{"footnotes":""},"categories":[3,4],"tags":[],"class_list":["post-1557","post","type-post","status-publish","format-standard","has-post-thumbnail","hentry","category-noticias-de-actualidad","category-torneos"],"_links":{"self":[{"href":"http:\/\/www.mendicdtenis.net\/web\/wp-json\/wp\/v2\/posts\/1557","targetHints":{"allow":["GET"]}}],"collection":[{"href":"http:\/\/www.mendicdtenis.net\/web\/wp-json\/wp\/v2\/posts"}],"about":[{"href":"http:\/\/www.mendicdtenis.net\/web\/wp-json\/wp\/v2\/types\/post"}],"author":[{"embeddable":true,"href":"http:\/\/www.mendicdtenis.net\/web\/wp-json\/wp\/v2\/users\/5"}],"replies":[{"embeddable":true,"href":"http:\/\/www.mendicdtenis.net\/web\/wp-json\/wp\/v2\/comments?post=1557"}],"version-history":[{"count":31,"href":"http:\/\/www.mendicdtenis.net\/web\/wp-json\/wp\/v2\/posts\/1557\/revisions"}],"predecessor-version":[{"id":1597,"href":"http:\/\/www.mendicdtenis.net\/web\/wp-json\/wp\/v2\/posts\/1557\/revisions\/1597"}],"wp:featuredmedia":[{"embeddable":true,"href":"http:\/\/www.mendicdtenis.net\/web\/wp-json\/wp\/v2\/media\/1571"}],"wp:attachment":[{"href":"http:\/\/www.mendicdtenis.net\/web\/wp-json\/wp\/v2\/media?parent=1557"}],"wp:term":[{"taxonomy":"category","embeddable":true,"href":"http:\/\/www.mendicdtenis.net\/web\/wp-json\/wp\/v2\/categories?post=1557"},{"taxonomy":"post_tag","embeddable":true,"href":"http:\/\/www.mendicdtenis.net\/web\/wp-json\/wp\/v2\/tags?post=1557"}],"curies":[{"name":"wp","href":"https:\/\/api.w.org\/{rel}","templated":true}]}}